{"id":193,"date":"2022-05-23T17:22:02","date_gmt":"2022-05-23T17:22:02","guid":{"rendered":"https:\/\/kritischer-kalender.de\/?p=193"},"modified":"2022-05-23T17:22:17","modified_gmt":"2022-05-23T17:22:17","slug":"turchen7","status":"publish","type":"post","link":"https:\/\/kritischer-kalender.de\/en\/kritischer-adventskalender\/turchen7\/","title":{"rendered":"7. T\u00fcrchen &#8211; Videoempfehlung: &#8220;Feminism in Prison?&#8221;"},"content":{"rendered":"<p>Im 7. T\u00fcrchen des Adventskalenders findet ihr eine Videoempfehlung. Es geht um die <a href=\"#1\">pro_feministische<sup>1<\/sup><\/a> Arbeit eines H\u00e4ftlings namens Richard in einer Gef\u00e4ngnisgruppe in den USA. In dieser Gruppe wird der direkte Bezug von M\u00e4nnlichkeit und Straftaten, Gewalt etc. hergestellt und die H\u00e4ftlinge beziehen es direkt auf ihre eigene Biographie.<\/p>\n\n\n\n<p>Die folgenden Zitate aus dem Video verdeutlichen nochmal, dass die Widerfahrnisse von <a href=\"#2\">FLINTA*<sup>2<\/sup><\/a> der Kern pro_feministischer Arbeit sein m\u00fcssen:<\/p>\n\n\n\n<p>Richard zu seiner Ehefrau Taina (\u00fcbersetzt): \u201eWir w\u00fcrden nicht \u00fcber Bel\u00e4stigung auf der Stra\u00dfe sprechen, wenn du nicht w\u00e4rst. Wir w\u00fcssten nicht einmal was das ist.\u201c<\/p>\n\n\n\n<p>Taina zu Richard: \u201eIhr w\u00fcsstet was es ist [\u2026] aber ein Kompliment ohne Einverst\u00e4ndnis ist Bel\u00e4stigung.\u201c<\/p>\n\n\n\n<p>Frei \u00fcbersetzt: \u201eWenn wir eine Frau zu einem Objekt machen oder sie auf sexuelle Weise anschauen, sexuelle Kommentare machen, ihr hinterher starren, was auch immer. Wenn wir uns einen Dreck darum scheren, was sie denkt oder f\u00fchlt, wenn wir sie eher als Objekt als als Person sehen, dann tragen wir zur Vergewaltigungskultur bei.\u201c<\/p>\n\n\n\n<p>Leider existiert der Film nur auf Englisch. Uns ist bewusst, dass der Film damit nicht zug\u00e4nglichen f\u00fcr alle von euch ist, wir bitten euch, das zu entschuldigen, jedoch halten wir es f\u00fcr wichtig diese Geschichte zu erz\u00e4hlen. Die oben genannten Zitate laden ebenfalls zu Reflexion ein und spiegeln einige wichtigen Aspekte des Films wieder.<\/p>\n\n\n\n<p>\u27a1\ufe0f <a href=\"https:\/\/youtu.be\/G2yE8r9ape4\">Hier die Dokumentation in Kurzform<\/a> (10min)<br>\u27a1\ufe0f <a href=\"https:\/\/edition.cnn.com\/videos\/us\/2018\/04\/18\/the-feminist-on-cellblock-y-doc-orig.cnn\">Hier in voller L\u00e4nge<\/a> (ca. 1h 15min)<\/p>\n\n\n\n<p>\u2139\ufe0f Explanation of terms:<\/p>\n\n\n\n<ul class=\"wp-block-list\" id=\"1\"><li><a href=\"https:\/\/pad.riseup.net\/p\/r.383044fadd3522e06b490f3746f5fccc\">\u00b9 pro_feministisch<\/a><\/li><\/ul>\n\n\n\n<p><\/p>\n\n\n\n<ul class=\"wp-block-list\" id=\"2\"><li>\u00b2 FLINTA* (<a href=\"https:\/\/therapieimkontext.de\/home\/ressourcen\/glossar\/\">im Glossar nachlesbar<\/a>)<\/li><\/ul>\n\n\n\n<div style=\"height:100px\" aria-hidden=\"true\" class=\"wp-block-spacer\"><\/div>\n\n\n\n<figure class=\"wp-block-embed is-type-video is-provider-youtube wp-block-embed-youtube wp-embed-aspect-16-9 wp-has-aspect-ratio\"><div class=\"wp-block-embed__wrapper\">\n<div class=\"ast-oembed-container\" style=\"height: 100%;\"><iframe loading=\"lazy\" title=\"Feminism in Prison?\" width=\"500\" height=\"281\" src=\"https:\/\/www.youtube.com\/embed\/G2yE8r9ape4?feature=oembed\" frameborder=\"0\" allow=\"accelerometer; autoplay; clipboard-write; encrypted-media; gyroscope; picture-in-picture; web-share\" referrerpolicy=\"strict-origin-when-cross-origin\" allowfullscreen><\/iframe><\/div>\n<\/div><\/figure>","protected":false},"excerpt":{"rendered":"<p>Im 7. T\u00fcrchen des Adventskalenders findet ihr eine Videoempfehlung. Es geht um die pro_feministische1 Arbeit eines H\u00e4ftlings namens Richard in einer Gef\u00e4ngnisgruppe in den USA. In dieser Gruppe wird der direkte Bezug von M\u00e4nnlichkeit und Straftaten, Gewalt etc. hergestellt und die H\u00e4ftlinge beziehen es direkt auf ihre eigene Biographie. Die folgenden Zitate aus dem Video [&hellip;]<\/p>","protected":false},"author":1,"featured_media":0,"comment_status":"closed","ping_status":"open","sticky":false,"template":"","format":"standard","meta":{"site-sidebar-layout":"default","site-content-layout":"","ast-site-content-layout":"","site-content-style":"default","site-sidebar-style":"default","ast-global-header-display":"","ast-banner-title-visibility":"","ast-main-header-display":"","ast-hfb-above-header-display":"","ast-hfb-below-header-display":"","ast-hfb-mobile-header-display":"","site-post-title":"","ast-breadcrumbs-content":"","ast-featured-img":"","footer-sml-layout":"","theme-transparent-header-meta":"","adv-header-id-meta":"","stick-header-meta":"","header-above-stick-meta":"","header-main-stick-meta":"","header-below-stick-meta":"","astra-migrate-meta-layouts":"default","ast-page-background-enabled":"default","ast-page-background-meta":{"desktop":{"background-color":"var(--ast-global-color-4)","background-image":"","background-repeat":"repeat","background-position":"center center","background-size":"auto","background-attachment":"scroll","background-type":"","background-media":"","overlay-type":"","overlay-color":"","overlay-gradient":""},"tablet":{"background-color":"","background-image":"","background-repeat":"repeat","background-position":"center center","background-size":"auto","background-attachment":"scroll","background-type":"","background-media":"","overlay-type":"","overlay-color":"","overlay-gradient":""},"mobile":{"background-color":"","background-image":"","background-repeat":"repeat","background-position":"center center","background-size":"auto","background-attachment":"scroll","background-type":"","background-media":"","overlay-type":"","overlay-color":"","overlay-gradient":""}},"ast-content-background-meta":{"desktop":{"background-color":"var(--ast-global-color-5)","background-image":"","background-repeat":"repeat","background-position":"center center","background-size":"auto","background-attachment":"scroll","background-type":"","background-media":"","overlay-type":"","overlay-color":"","overlay-gradient":""},"tablet":{"background-color":"var(--ast-global-color-5)","background-image":"","background-repeat":"repeat","background-position":"center center","background-size":"auto","background-attachment":"scroll","background-type":"","background-media":"","overlay-type":"","overlay-color":"","overlay-gradient":""},"mobile":{"background-color":"var(--ast-global-color-5)","background-image":"","background-repeat":"repeat","background-position":"center center","background-size":"auto","background-attachment":"scroll","background-type":"","background-media":"","overlay-type":"","overlay-color":"","overlay-gradient":""}},"_kadence_starter_templates_imported_post":false,"footnotes":""},"categories":[6],"tags":[],"class_list":["post-193","post","type-post","status-publish","format-standard","hentry","category-kritischer-adventskalender"],"_links":{"self":[{"href":"https:\/\/kritischer-kalender.de\/en\/wp-json\/wp\/v2\/posts\/193","targetHints":{"allow":["GET"]}}],"collection":[{"href":"https:\/\/kritischer-kalender.de\/en\/wp-json\/wp\/v2\/posts"}],"about":[{"href":"https:\/\/kritischer-kalender.de\/en\/wp-json\/wp\/v2\/types\/post"}],"author":[{"embeddable":true,"href":"https:\/\/kritischer-kalender.de\/en\/wp-json\/wp\/v2\/users\/1"}],"replies":[{"embeddable":true,"href":"https:\/\/kritischer-kalender.de\/en\/wp-json\/wp\/v2\/comments?post=193"}],"version-history":[{"count":1,"href":"https:\/\/kritischer-kalender.de\/en\/wp-json\/wp\/v2\/posts\/193\/revisions"}],"predecessor-version":[{"id":194,"href":"https:\/\/kritischer-kalender.de\/en\/wp-json\/wp\/v2\/posts\/193\/revisions\/194"}],"wp:attachment":[{"href":"https:\/\/kritischer-kalender.de\/en\/wp-json\/wp\/v2\/media?parent=193"}],"wp:term":[{"taxonomy":"category","embeddable":true,"href":"https:\/\/kritischer-kalender.de\/en\/wp-json\/wp\/v2\/categories?post=193"},{"taxonomy":"post_tag","embeddable":true,"href":"https:\/\/kritischer-kalender.de\/en\/wp-json\/wp\/v2\/tags?post=193"}],"curies":[{"name":"wp","href":"https:\/\/api.w.org\/{rel}","templated":true}]}}